{"id":2253,"date":"2013-12-25T09:25:40","date_gmt":"2013-12-25T08:25:40","guid":{"rendered":"http:\/\/hors-sol.net\/revue\/?p=2253"},"modified":"2014-06-03T08:43:49","modified_gmt":"2014-06-03T07:43:49","slug":"anna-de-sandre-une-fissure-comme-dans-un-mur","status":"publish","type":"post","link":"https:\/\/hors-sol.net\/revue\/anna-de-sandre-une-fissure-comme-dans-un-mur\/","title":{"rendered":"Anna de Sandre \u2022\u00a0Une fissure, comme dans un mur"},"content":{"rendered":"<blockquote><p><a href=\"https:\/\/hors-sol.net\/revue\/wp-content\/uploads\/2013\/10\/anna_de_sandre.jpg\" rel=\"lightbox[2253]\"><img loading=\"lazy\" decoding=\"async\" class=\"size-thumbnail wp-image-2032 alignleft\" alt=\"anna_de_sandre\" src=\"https:\/\/hors-sol.net\/revue\/wp-content\/uploads\/2013\/10\/anna_de_sandre-150x150.jpg\" width=\"150\" height=\"150\" \/><\/a>Anna de Sandre a une pr\u00e9dilection pour la forme br\u00e8ve ; elle \u00e9crit principalement des nouvelles (\u2018Le parapluie rouge\u2019, \u00e0 para\u00eetre aux \u00e9ditions In-8) et de la po\u00e9sie (\u2018Un r\u00e9gal d&rsquo;herbes mouill\u00e9es\u2019, aux Carnets des Desserts de Lune), et ponctuellement des romans et des histoires pour la jeunesse (\u2018Iris et l&rsquo;escalier\u2019, Gallimard). La plupart de ses textes sont publi\u00e9s dans divers recueils collectifs ou revues. Ses textes sont visibles sur son site <a href=\"http:\/\/biffureschroniquesads.wordpress.com\/\" target=\"_blank\">Biffures Chroniques<\/a>.<\/p><\/blockquote>\n<p>&nbsp;<\/p>\n<p>Ce qu\u2019il manquait \u00e0 Samuel \u00ab Os-de-seiche \u00bb, c\u2019\u00e9tait la putain d\u2019id\u00e9e qui lui permettrait de garder la main sur les fesses de la grande Lulu.<\/p>\n<p>\u00ab T\u2019as plut\u00f4t int\u00e9r\u00eat \u00e0 nous sortir de ce pi\u00e8ge \u00bb, qu\u2019elle lui avait dit, et depuis, le cauchemar d\u2019une bulle de chewing-gum monstrueuse dans laquelle il hurlait en vain lui prenait le peu d\u2019espace disponible qu\u2019il aurait pu utiliser pour r\u00e9fl\u00e9chir \u00e0 tout ce qu\u2019ils venaient de vivre.<\/p>\n<p>Il restait trois jours avant la visite des hommes de Berdoues. Trois jours, et la peinture qui tenait les murs de sa case ne lui inspirait rien. Il contemplait cette surface lisse dans un h\u00e9b\u00e8tement qui le reposait jusqu\u2019\u00e0 ce qu\u2019une des l\u00e9zardes s\u2019impose dans son champ de vision, celle qu\u2019il avait laiss\u00e9e courir, comme cette femme qui allait bient\u00f4t foutre le camp (et il se savait incapable de la supplier de tenir encore un peu), avec le canari aphone et la Takamine pour gaucher \u00e0 pan coup\u00e9 dont elle avait jou\u00e9 mieux que lui \u00e0 la soir\u00e9e des ouvriers chez Berdoues.<\/p>\n<p>Rien, donc, \u00e0 part la sensation d\u2019une fuite de sable par les jambes de son pantalon, et cela suffisait pour qu\u2019il comprenne qu\u2019il avait eu une vie immobile.<\/p>\n<p>&nbsp;<\/p>\n<p>\u00a9 Anna de Sandre, 2013.<\/p>\n","protected":false},"excerpt":{"rendered":"<p>Anna de Sandre a une pr\u00e9dilection pour la forme br\u00e8ve ; elle \u00e9crit principalement des nouvelles (\u2018Le parapluie rouge\u2019, \u00e0 para\u00eetre aux \u00e9ditions In-8) et de la po\u00e9sie (\u2018Un r\u00e9gal d&rsquo;herbes mouill\u00e9es\u2019, aux Carnets des Desserts de Lune), et ponctuellement des romans et des histoires pour la jeunesse (\u2018Iris et l&rsquo;escalier\u2019, Gallimard). La plupart de [&hellip;]<\/p>\n","protected":false},"author":1,"featured_media":0,"comment_status":"open","ping_status":"open","sticky":false,"template":"","format":"standard","meta":{"footnotes":""},"categories":[467,172,68,60,61,62],"tags":[423],"class_list":["post-2253","post","type-post","status-publish","format-standard","hentry","category-anna-de-sandre-nouvelles","category-feuilleton","category-fiction","category-format","category-genre","category-texte","tag-anna-de-sandre"],"_links":{"self":[{"href":"https:\/\/hors-sol.net\/revue\/wp-json\/wp\/v2\/posts\/2253","targetHints":{"allow":["GET"]}}],"collection":[{"href":"https:\/\/hors-sol.net\/revue\/wp-json\/wp\/v2\/posts"}],"about":[{"href":"https:\/\/hors-sol.net\/revue\/wp-json\/wp\/v2\/types\/post"}],"author":[{"embeddable":true,"href":"https:\/\/hors-sol.net\/revue\/wp-json\/wp\/v2\/users\/1"}],"replies":[{"embeddable":true,"href":"https:\/\/hors-sol.net\/revue\/wp-json\/wp\/v2\/comments?post=2253"}],"version-history":[{"count":2,"href":"https:\/\/hors-sol.net\/revue\/wp-json\/wp\/v2\/posts\/2253\/revisions"}],"predecessor-version":[{"id":2311,"href":"https:\/\/hors-sol.net\/revue\/wp-json\/wp\/v2\/posts\/2253\/revisions\/2311"}],"wp:attachment":[{"href":"https:\/\/hors-sol.net\/revue\/wp-json\/wp\/v2\/media?parent=2253"}],"wp:term":[{"taxonomy":"category","embeddable":true,"href":"https:\/\/hors-sol.net\/revue\/wp-json\/wp\/v2\/categories?post=2253"},{"taxonomy":"post_tag","embeddable":true,"href":"https:\/\/hors-sol.net\/revue\/wp-json\/wp\/v2\/tags?post=2253"}],"curies":[{"name":"wp","href":"https:\/\/api.w.org\/{rel}","templated":true}]}}